{"id":974,"date":"2018-04-04T15:41:49","date_gmt":"2018-04-04T13:41:49","guid":{"rendered":"http:\/\/obs.hr\/wp\/?p=974"},"modified":"2019-07-30T15:45:58","modified_gmt":"2019-07-30T13:45:58","slug":"postavljen-kamen-temeljac-sredisnjeg-paviljona-nase-bolnice","status":"publish","type":"post","link":"https:\/\/obs.hr\/wp\/2018\/04\/04\/postavljen-kamen-temeljac-sredisnjeg-paviljona-nase-bolnice\/","title":{"rendered":"Postavljen kamen temeljac Sredi\u0161njeg paviljona na\u0161e Bolnice"},"content":{"rendered":"<p>Op\u0107a bolnica \u201eDr.Ivo Pedi\u0161i\u0107\u201c Sisak radi u objektima paviljonskog\u00a0 tipa i zbog neadekvatnog i uglavnom sku\u010denog prostora, nema odgovaraju\u0107e prostore za dnevnu bolnicu i dnevnu kirurgiju. Zbog toga je prona\u0111eno rje\u0161enje u izgradnji Sredi\u0161njeg paviljona na 8.724,91 m\u00b2 bruto gra\u0111evinske povr\u0161ine. Projekt je pripreman godinama, a kada je sakupljena sva potrebna dokumentacija i prona\u0111ena financijska sredstva, krenulo se u izgradnju koja \u0107e trajati 19 mjeseci. Simboli\u010dno, proces po\u010detka radova obilje\u017een je polaganjem kamena temeljca, kojemu su prisustvovali svi va\u017eniji predstavnici \u010dimbenika koji su sudjelovali u procesu. Ravnatelj Op\u0107e bolnice dr. Tomislav Dujmenovi\u0107 izrazio je iznimno zadovoljstvo \u0161to se stiglo do faze radova:<\/p>\n<p><em>\u201eIzgradnjom Sredi\u0161njeg paviljona na\u0161a bolnica \u0107e dobiti negdje oko 8.400 m<sup>2 <\/sup>neto bolni\u010dkog prostora u kojem \u0107e biti smje\u0161tene hemodijaliza, koja \u0107e biti u podrumu, hitni bolni\u010dki prijem \u0107e biti u prizemlju, na prvom katu \u0107e biti odjel laboratorije, dok \u0107e na drugom, tre\u0107em i \u010detvrtom biti prostori za dnevnu bolnicu. Na petom katu biti \u0107e razni tehni\u010dki ure\u0111aji. Izgradnjom Sredi\u0161njeg paviljona daleko \u0107e najvi\u0161e dobiti na\u0161i hitni bolesnici, koje \u0107emo primiti, obraditi i zbrinuti. Potom sljedi trija\u017ea, odre\u0111ivanje brzine hitnosti te dijagnosti\u010dka obrada\u2026 U jednoj zgradi!\u201c<\/em> Osim pacijenata, profitirat \u0107e i osoblje, koje \u0107e raditi u modernom prostoru sa suvremenom opremom. Dujmenovi\u0107 je rekao da se vi\u0161e od tri desetlje\u0107a u prostoru Op\u0107e bolnice nije radila nova zgrada od temelja te naglasio da je za realizaciju ovog projekta najvi\u0161e zaslu\u017ean \u017eupan Ivo \u017dini\u0107. Upravo je \u017dini\u0107 zahvalio svima koji su sudjelovali na ovom projektu, naro\u010dito u posljednje dvije godine: <em>\u201eOvo je po\u010detak jednog novog razdoblja za zdravstvenu skrb i njegu u na\u0161oj \u017eupaniji, gdje \u0107e pacijenti, stanovnici ne samo na\u0161e \u017eupanije, mo\u0107i imati kvalitetnije lije\u010denje i bolju zdravstvenu za\u0161titu. Moderan objekt, izgradnjom i instaliranjem suvremenih ure\u0111aja lije\u010dnici i medicinsko osoblje imat \u0107e puno kvalitetnije uvjete, ali i puno ve\u0107e mogu\u0107nosti za pravovremenu dijagnozu, a kasnije i lije\u010denje. Ovo je veliki dana za Op\u0107u bolnicu, grad Sisak i Sisa\u010dko-moslava\u010dku \u017eupaniju.\u201c <\/em>\u017dini\u0107 je napomenuo i da su prikupljena sva potrebna sredstva: <em>\u201eFinancijska konstrukcija je zatvorena: 70.000.000,00 kn bespovratnih sredstava, blizu dvadesetak milijuna \u0107e osigurati Ministarstvo zdravstva, Ministarstvo regionalnog razvoja i Ministarstvo financija te \u0107e dio iz vlastitih sredstava osigurati Sisa\u010dko-moslava\u010dka \u017eupanija.\u201c<\/em><\/p>\n<p>\u017dupan je zahvalio i Ministarstvu zdravstva i ministru Milanu Kujund\u017ei\u0107u koji je dao potporu u klju\u010dnim trenucima. Ministar je do\u0161ao na sve\u010danost kao izaslanik predsjednika Vlade te podijelio radost po\u010detka radova s doma\u0107inima: <em>\u201eSvatko je na svoj na\u010din specifi\u010dan i svakome je neki dio va\u017ean. Ovo je uistinu jedan objekt koji objedinjuje velike odjele ovdje i to \u0107e dati jednu novu kvalitetu ne samo komforu ve\u0107 i dijagnosti\u010dku i terapijsku kvalitetu. To \u0107e pacijenti osjetiti itekako.\u201c<\/em> Kujund\u017ei\u0107 je iznio i podatak da su svi oni koji imaju razvijenu Dnevnu bolnicu 20%-25% u\u010dinkovitiji od onih koji je nemaju. Ukoliko radovi budu i\u0161li po planu, trebali bi biti gotovi u jesen 2019. godine. Kamen temeljac blagoslovio je biskup sisa\u010dki mons. Vlado Ko\u0161i\u0107.<\/p>\n<p><img decoding=\"async\" src=\"http:\/\/obs.hr\/v4\/images\/stories\/obst12-560.jpg\" border=\"0\" \/><\/p>\n<p><img decoding=\"async\" src=\"http:\/\/obs.hr\/v4\/images\/stories\/obst9-560.jpg\" border=\"0\" \/><\/p>\n<p><img decoding=\"async\" src=\"http:\/\/obs.hr\/v4\/images\/stories\/obst8-560.jpg\" border=\"0\" \/><\/p>\n<p><img decoding=\"async\" src=\"http:\/\/obs.hr\/v4\/images\/stories\/obst7-560.jpg\" border=\"0\" \/><\/p>\n<p><img decoding=\"async\" src=\"http:\/\/obs.hr\/v4\/images\/stories\/obst6-560.jpg\" border=\"0\" \/><\/p>\n<p><img decoding=\"async\" src=\"http:\/\/obs.hr\/v4\/images\/stories\/obst5-560.jpg\" border=\"0\" \/><\/p>\n<p><img decoding=\"async\" src=\"http:\/\/obs.hr\/v4\/images\/stories\/obst2-560.jpg\" border=\"0\" \/><\/p>\n","protected":false},"excerpt":{"rendered":"<p>Op\u0107a bolnica \u201eDr.Ivo Pedi\u0161i\u0107\u201c Sisak radi u objektima paviljonskog\u00a0 tipa i zbog neadekvatnog i uglavnom sku\u010denog prostora, nema odgovaraju\u0107e prostore za dnevnu bolnicu i dnevnu kirurgiju. Zbog toga je prona\u0111eno rje\u0161enje u izgradnji Sredi\u0161njeg paviljona na 8.724,91 m\u00b2 bruto gra\u0111evinske povr\u0161ine. Projekt je pripreman godinama, a kada je sakupljena sva potrebna dokumentacija i prona\u0111ena financijska&hellip;<\/p>\n","protected":false},"author":2,"featured_media":975,"comment_status":"closed","ping_status":"closed","sticky":false,"template":"","format":"standard","meta":{"ngg_post_thumbnail":0,"_jetpack_memberships_contains_paid_content":false,"footnotes":""},"categories":[1],"tags":[],"jetpack_sharing_enabled":true,"jetpack_featured_media_url":"https:\/\/obs.hr\/wp\/wp-content\/uploads\/2019\/07\/obst9-560-2.jpg","_links":{"self":[{"href":"https:\/\/obs.hr\/wp\/wp-json\/wp\/v2\/posts\/974"}],"collection":[{"href":"https:\/\/obs.hr\/wp\/wp-json\/wp\/v2\/posts"}],"about":[{"href":"https:\/\/obs.hr\/wp\/wp-json\/wp\/v2\/types\/post"}],"author":[{"embeddable":true,"href":"https:\/\/obs.hr\/wp\/wp-json\/wp\/v2\/users\/2"}],"replies":[{"embeddable":true,"href":"https:\/\/obs.hr\/wp\/wp-json\/wp\/v2\/comments?post=974"}],"version-history":[{"count":1,"href":"https:\/\/obs.hr\/wp\/wp-json\/wp\/v2\/posts\/974\/revisions"}],"predecessor-version":[{"id":976,"href":"https:\/\/obs.hr\/wp\/wp-json\/wp\/v2\/posts\/974\/revisions\/976"}],"wp:featuredmedia":[{"embeddable":true,"href":"https:\/\/obs.hr\/wp\/wp-json\/wp\/v2\/media\/975"}],"wp:attachment":[{"href":"https:\/\/obs.hr\/wp\/wp-json\/wp\/v2\/media?parent=974"}],"wp:term":[{"taxonomy":"category","embeddable":true,"href":"https:\/\/obs.hr\/wp\/wp-json\/wp\/v2\/categories?post=974"},{"taxonomy":"post_tag","embeddable":true,"href":"https:\/\/obs.hr\/wp\/wp-json\/wp\/v2\/tags?post=974"}],"curies":[{"name":"wp","href":"https:\/\/api.w.org\/{rel}","templated":true}]}}