{"id":160,"date":"2021-01-02T11:42:00","date_gmt":"2021-01-02T10:42:00","guid":{"rendered":"https:\/\/obs.hr\/potres\/?p=160"},"modified":"2021-01-07T03:16:40","modified_gmt":"2021-01-07T02:16:40","slug":"razoran-potres","status":"publish","type":"post","link":"https:\/\/obs.hr\/potres\/2021\/01\/02\/razoran-potres\/","title":{"rendered":"Razoran potres u Sisa\u010dko-moslava\u010dkoj \u017eupaniji"},"content":{"rendered":"\t\t<div data-elementor-type=\"wp-post\" data-elementor-id=\"160\" class=\"elementor elementor-160\" data-elementor-settings=\"[]\">\n\t\t\t\t\t\t<div class=\"elementor-inner\">\n\t\t\t\t\t\t\t<div class=\"elementor-section-wrap\">\n\t\t\t\t\t\t\t<section class=\"elementor-section elementor-top-section elementor-element elementor-element-bea428c elementor-section-stretched elementor-section-boxed elementor-section-height-default elementor-section-height-default\" data-id=\"bea428c\" data-element_type=\"section\" data-settings=\"{&quot;stretch_section&quot;:&quot;section-stretched&quot;}\">\n\t\t\t\t\t\t<div class=\"elementor-container elementor-column-gap-default\">\n\t\t\t\t\t\t\t<div class=\"elementor-row\">\n\t\t\t\t\t<div class=\"elementor-column elementor-col-50 elementor-top-column elementor-element elementor-element-fefb522\" data-id=\"fefb522\" data-element_type=\"column\">\n\t\t\t<div class=\"elementor-column-wrap elementor-element-populated\">\n\t\t\t\t\t\t\t<div class=\"elementor-widget-wrap\">\n\t\t\t\t\t\t<div class=\"elementor-element elementor-element-380e912 elementor-widget elementor-widget-text-editor\" data-id=\"380e912\" data-element_type=\"widget\" data-widget_type=\"text-editor.default\">\n\t\t\t\t<div class=\"elementor-widget-container\">\n\t\t\t\t\t<div class=\"elementor-text-editor elementor-clearfix\"><p><span style=\"font-weight: 600;\">29. prosinca 2020. godine u 12 sati i 19 minuta<\/span>, seizmografi Seizmolo\u0161ke slu\u017ebe zabilje\u017eili su razoran potres s epicentrom<span style=\"font-weight: 600;\">\u00a05 km jugozapadno od Petrinje<\/span>.\u00a0<span style=\"font-weight: 600;\">Magnituda<\/span>\u00a0potresa iznosila je\u00a0<span style=\"font-weight: 600;\">6.2 prema Richteru<\/span>, nakon kojeg je uslijedilo mno\u0161tvo slabijih potresa. Prema dosada\u0161njim procjenama\u00a0<span style=\"font-weight: 600;\">o\u0161te\u0107eno je vi\u0161e od stotinu objekata<\/span>\u00a0na podru\u010dju cijele Sisa\u010dko-moslava\u010dke \u017eupanije. Op\u0107a bolnica \u201eDr Ivo Pedi\u0161i\u0107\u201c u Sisku je op\u0107a \u017eupanijska bolnica. Bolnica pru\u017ea mogu\u0107nost lije\u010denja svim dobnim skupinama, od novoro\u0111ena\u010dke dobi do starije populacije za gotovo sva oboljenja. Isto tako bolnici gravitira odre\u0111eni broj bolesnika iz drugih \u017eupanija. Bolnica je paviljonskog tipa, djeluje u dva grada, Sisku i Petrinji i to na tri lokacije.\u00a0<span style=\"font-weight: 600;\">U potresu su zna\u010dajno o\u0161te\u0107eni bolni\u010dki objekti te rade samo \u017eurne slu\u017ebe.<\/span>\u00a0<span style=\"font-weight: 600;\">Za sve dodatne informacije i hitna stanja molimo kontaktirati slu\u017ebu 112.<\/span><\/p>\n<div><span style=\"font-weight: 600;\">\u00a0<\/span><\/div>\n<p>\u00a0<\/p><\/div>\n\t\t\t\t<\/div>\n\t\t\t\t<\/div>\n\t\t\t\t\t\t<\/div>\n\t\t\t\t\t<\/div>\n\t\t<\/div>\n\t\t\t\t<div class=\"elementor-column elementor-col-50 elementor-top-column elementor-element elementor-element-538d722\" data-id=\"538d722\" data-element_type=\"column\">\n\t\t\t<div class=\"elementor-column-wrap elementor-element-populated\">\n\t\t\t\t\t\t\t<div class=\"elementor-widget-wrap\">\n\t\t\t\t\t\t<div class=\"elementor-element elementor-element-2b36f5d elementor-widget elementor-widget-text-editor\" data-id=\"2b36f5d\" data-element_type=\"widget\" data-widget_type=\"text-editor.default\">\n\t\t\t\t<div class=\"elementor-widget-container\">\n\t\t\t\t\t<div class=\"elementor-text-editor elementor-clearfix\"><p><strong>On December 29th 2020 at 12:19<\/strong>, seismological service measured a devastating earthquake with its epicentre\u00a0<strong>5 km southwest of Petrinja<\/strong>. The earthquake&#8217;s magnitude was\u00a0<strong>6.2 on the Richter scale.<\/strong>\u00a0After that, a series of less strong earthquakes followed. According to previous estimates,\u00a0<strong>more than a hundred buildings in the entire Sisak-Moslavina County were damaged<\/strong>. General Hospital &#8220;Dr Ivo Pedi\u0161i\u0107&#8221; in Sisak is a general hospital in Sisak-moslavina County. The hospital offers the possibility of treatment to all age groups, from newborns to the elderly, for almost all diseases. Also, a certain number of patients from other counties gravitate to the hospital. It is a pavilion type hospital, operating in two cities, Sisak and Petrinja, in three locations.\u00a0<strong>The earthquake significantly damaged hospital facilities and only emergency services are operating. For all additional information and emergencies, please contact 112.<\/strong><\/p><\/div>\n\t\t\t\t<\/div>\n\t\t\t\t<\/div>\n\t\t\t\t\t\t<\/div>\n\t\t\t\t\t<\/div>\n\t\t<\/div>\n\t\t\t\t\t\t\t\t<\/div>\n\t\t\t\t\t<\/div>\n\t\t<\/section>\n\t\t\t\t\t\t<\/div>\n\t\t\t\t\t\t<\/div>\n\t\t\t\t\t<\/div>\n\t\t","protected":false},"excerpt":{"rendered":"<p>29. prosinca 2020. godine u 12 sati i 19 minuta, seizmografi Seizmolo\u0161ke slu\u017ebe zabilje\u017eili su razoran potres s epicentrom 5 km jugozapadno od Petrinje. [&#8230;]<\/p>\n","protected":false},"author":1,"featured_media":0,"comment_status":"closed","ping_status":"open","sticky":false,"template":"","format":"standard","meta":{"spay_email":""},"categories":[4],"tags":[],"jetpack_featured_media_url":"","_links":{"self":[{"href":"https:\/\/obs.hr\/potres\/wp-json\/wp\/v2\/posts\/160"}],"collection":[{"href":"https:\/\/obs.hr\/potres\/wp-json\/wp\/v2\/posts"}],"about":[{"href":"https:\/\/obs.hr\/potres\/wp-json\/wp\/v2\/types\/post"}],"author":[{"embeddable":true,"href":"https:\/\/obs.hr\/potres\/wp-json\/wp\/v2\/users\/1"}],"replies":[{"embeddable":true,"href":"https:\/\/obs.hr\/potres\/wp-json\/wp\/v2\/comments?post=160"}],"version-history":[{"count":8,"href":"https:\/\/obs.hr\/potres\/wp-json\/wp\/v2\/posts\/160\/revisions"}],"predecessor-version":[{"id":409,"href":"https:\/\/obs.hr\/potres\/wp-json\/wp\/v2\/posts\/160\/revisions\/409"}],"wp:attachment":[{"href":"https:\/\/obs.hr\/potres\/wp-json\/wp\/v2\/media?parent=160"}],"wp:term":[{"taxonomy":"category","embeddable":true,"href":"https:\/\/obs.hr\/potres\/wp-json\/wp\/v2\/categories?post=160"},{"taxonomy":"post_tag","embeddable":true,"href":"https:\/\/obs.hr\/potres\/wp-json\/wp\/v2\/tags?post=160"}],"curies":[{"name":"wp","href":"https:\/\/api.w.org\/{rel}","templated":true}]}}