{"id":148,"date":"2021-01-04T12:08:31","date_gmt":"2021-01-04T11:08:31","guid":{"rendered":"https:\/\/obs.hr\/potres\/?p=148"},"modified":"2021-01-07T03:16:18","modified_gmt":"2021-01-07T02:16:18","slug":"priopcenje","status":"publish","type":"post","link":"https:\/\/obs.hr\/potres\/2021\/01\/04\/priopcenje\/","title":{"rendered":"Klju\u010dne zgrade Op\u0107e bolnice &#8220;Dr. Ivo Pedi\u0161i\u0107&#8221; Sisak vra\u0107aju se u funkciju"},"content":{"rendered":"\n<p>Sisak, 4. sije\u010dnja \u2013 Klju\u010dne zgrade ginekologije, kirurgije, oftalmologije, dijalize i poliklinike Op\u0107e bolnice \u201cDr. Ivo Pedi\u0161i\u0107\u201d Sisak vra\u0107aju se u funkciju nakon pozitivnih preliminarnih procjena o\u0161te\u0107enja stanja zgrada. Ravnatelj bolnice mr. sc. Tomislav Dujmenovi\u0107, dr. med. istaknuo je kako \u0107e bolnica kontinuirano i odgovorno osiguravati zdravstvenu skrb gra\u0111anima. &#8211; U\u010dinkovitim anga\u017emanom na\u0161ih djelatnika brzo smo uspostavili internisti\u010dku, kirur\u0161ku, infektolo\u0161ku, pedijatrijsku, neurolo\u0161ku i ginekolo\u0161ku osnovnu slu\u017ebu za prijem hitnih stanja svih dobnih skupina.<\/p>\n\n\n\n<p>Opservacija te produljen nadzor pacijenata u Op\u0107oj bolnici &#8220;Dr. Ivo Pedi\u0161i\u0107\u201d Sisak vr\u0161it \u0107e se u bolni\u010dkim \u0161atorima s adekvatnom medicinskom premom, grijanjem i ventilacijom. Bit \u0107e dostupne usluge laboratorija, dijalize te   radiologije, a osigurana je i dovoljna koli\u010dina lijekova za sva zdravstvena stanja u bolni\u010dkoj ljekarni. U suradnji s lokalnim domom za umirovljenike<br>organizira se pripremanje bolni\u010dkih obroka, kao i obroka za zdravstvene  djelatnike. Prethodnih dana obroci su bili pripremani u suradnji s lokalnim obrtnicima. &#8211; Uprava bolnice aktivno radi i na ponovnoj uspostavi svih tehni\u010dkih slu\u017ebi. U smanjenom opsegu radit \u0107e ekonomska i pravna slu\u017eba bolnice, no to ne\u0107e utjecati na regularno poslovanje, napomenuo je Dujmenovi\u0107.<\/p>\n\n\n\n<p><strong>Osigurano zbrinjavanje COVID-19 pacijenata<\/strong><br>Pacijenti sa sumnjom na COVID-19 pregledavat \u0107e se u hitnoj infektolo\u0161koj ambulanti. Oni pacijenti kojima \u0107e biti nu\u017ena hospitalizacija smje\u0161tat \u0107e se u zagreba\u010dku KB Dubrava i u stacionar Arena Zagreb, dok \u0107e se pacijenti s lak\u0161im stanjem upu\u0107ivati na ku\u0107no lije\u010denje.<\/p>\n\n\n\n<p><br><strong>Razvoj u fokusu sisa\u010dke bolnice<\/strong><br>Op\u0107a bolnica \u201cDr. Ivo Pedi\u0161i\u0107\u201d rad \u0107e usmjeriti na dovr\u0161etak postoje\u0107ih investicija i osiguravanje u\u010dinkovite i pravovremene medicinske skrbi. Posljedice potresa rje\u0161avat \u0107e se gra\u0111evinskim investicijama, nabavkom suvremene medicinske opreme i odr\u017eivim rje\u0161enjima te nastavkom stru\u010dnog usavr\u0161avanja djelatnika. \u2013 Bez obzira na situaciju, nu\u017eno je nastaviti raditi na razvoju bolnice kako posljedice potresa ne bi dovele do pada kvalitete zdravstvene za\u0161tite gra\u0111ana. Vjerujemo da \u0107emo u narednom periodu osigurati dodatnu potporu, istaknuo je Dujmenovi\u0107.<\/p>\n\n\n\n<p>Zgrada stare interne i upravna zgrada u Sisku te bolni\u010dki objekti u Petrinji pretrpjeli su te\u017ea o\u0161te\u0107enja i trenuta\u010dno nisu sigurni za boravak zdravstvenih djelatnika i pacijenata.<\/p>\n\n\n\n<p>Uprava bolnice zahvaljuje svim djelatnicima, pacijentima, gra\u0111anima, volonterima i donatorima na nesebi\u010dnoj pomo\u0107i i iskazanom razumijevanju.<\/p>\n","protected":false},"excerpt":{"rendered":"<p>Sisak, 4. sije\u010dnja \u2013 Klju\u010dne zgrade ginekologije, kirurgije, oftalmologije, dijalize i poliklinike Op\u0107e bolnice \u201cDr. Ivo Pedi\u0161i\u0107\u201d Sisak vra\u0107aju se u funkciju nakon pozitivnih preliminarnih procjena o\u0161te\u0107enja stanja zgrada. [&#8230;]<\/p>\n","protected":false},"author":1,"featured_media":0,"comment_status":"closed","ping_status":"closed","sticky":false,"template":"","format":"standard","meta":{"spay_email":""},"categories":[4],"tags":[],"jetpack_featured_media_url":"","_links":{"self":[{"href":"https:\/\/obs.hr\/potres\/wp-json\/wp\/v2\/posts\/148"}],"collection":[{"href":"https:\/\/obs.hr\/potres\/wp-json\/wp\/v2\/posts"}],"about":[{"href":"https:\/\/obs.hr\/potres\/wp-json\/wp\/v2\/types\/post"}],"author":[{"embeddable":true,"href":"https:\/\/obs.hr\/potres\/wp-json\/wp\/v2\/users\/1"}],"replies":[{"embeddable":true,"href":"https:\/\/obs.hr\/potres\/wp-json\/wp\/v2\/comments?post=148"}],"version-history":[{"count":5,"href":"https:\/\/obs.hr\/potres\/wp-json\/wp\/v2\/posts\/148\/revisions"}],"predecessor-version":[{"id":408,"href":"https:\/\/obs.hr\/potres\/wp-json\/wp\/v2\/posts\/148\/revisions\/408"}],"wp:attachment":[{"href":"https:\/\/obs.hr\/potres\/wp-json\/wp\/v2\/media?parent=148"}],"wp:term":[{"taxonomy":"category","embeddable":true,"href":"https:\/\/obs.hr\/potres\/wp-json\/wp\/v2\/categories?post=148"},{"taxonomy":"post_tag","embeddable":true,"href":"https:\/\/obs.hr\/potres\/wp-json\/wp\/v2\/tags?post=148"}],"curies":[{"name":"wp","href":"https:\/\/api.w.org\/{rel}","templated":true}]}}